{"id":2890,"date":"2021-10-04T17:41:10","date_gmt":"2021-10-04T17:41:10","guid":{"rendered":"https:\/\/levadura.com\/?p=2890"},"modified":"2024-09-17T22:54:56","modified_gmt":"2024-09-17T22:54:56","slug":"que-hacer-cuando-se-caen-facebook-instagram-o-whatsapp","status":"publish","type":"post","link":"https:\/\/levadura.com\/en\/que-hacer-cuando-se-caen-facebook-instagram-o-whatsapp\/","title":{"rendered":"\u00bfQu\u00e9 hacer cuando se caen Facebook, Instagram o WhatsApp?"},"content":{"rendered":"\n<h1 class=\"wp-block-heading\" style=\"font-size:30px;font-style:normal;font-weight:600\">Desde hace unas horas se report\u00f3 una falla generalizada en todas las plataformas de Facebook, que incluyen las redes Instagram y WhatsApp. Aunque la empresa a\u00fan no aclara el motivo de dichas ca\u00eddas, hay una reacci\u00f3n generalizada de los usuarios a trav\u00e9s de Twitter.<\/h1>\n\n\n\n<p>Twitter fue creada a\u00f1os antes que Facebook, sin embargo, es una red que se ha posicionado como el canal de las noticias del momento, muchas de las tendencias nacen en Twitter y se comparten en las dem\u00e1s redes como Whatsapp.<\/p>\n\n\n\n<p>Dicho lo anterior, es claro que Twitter resulta ser el medio favorito para que las audiencias migren ante los cortes de la plataforma de Facebook. La empresa misma hoy coloc\u00f3 un tweet ofreciendo sus disculpas por las fallas t\u00e9cnicas:<\/p>\n\n\n\n<p>&#8220;Estamos conscientes de que algunas personas est\u00e1n teniendo problemas para acceder a nuestras aplicaciones y productos. Estamos trabajando en re establecer el servicio tan pronto sea posible, nos disculpamos por los inconvenientes ocasionados.&#8221; <a href=\"https:\/\/twitter.com\/Facebook\/status\/1445061804636479493\">Cuenta de @Facebook en Twitter<\/a><\/p>\n\n\n<div class=\"wp-block-image\">\n<figure class=\"aligncenter\"><img decoding=\"async\" width=\"592\" height=\"256\" src=\"data:image\/gif;base64,R0lGODlhAQABAIAAAAAAAP\/\/\/yH5BAEAAAAALAAAAAABAAEAAAIBRAA7\" data-src=\"https:\/\/levadura.com\/wp-content\/uploads\/2021\/10\/Captura-de-Pantalla-2022-07-26-a-las-12.27.31.png\" alt=\"\" class=\"wp-image-3415 lazyload\" data-srcset=\"https:\/\/levadura.com\/wp-content\/uploads\/2021\/10\/Captura-de-Pantalla-2022-07-26-a-las-12.27.31.png 592w, https:\/\/levadura.com\/wp-content\/uploads\/2021\/10\/Captura-de-Pantalla-2022-07-26-a-las-12.27.31-300x130.png 300w\" sizes=\"(max-width: 592px) 100vw, 592px\" \/><noscript><img decoding=\"async\" width=\"592\" height=\"256\" src=\"https:\/\/levadura.com\/wp-content\/uploads\/2021\/10\/Captura-de-Pantalla-2022-07-26-a-las-12.27.31.png\" alt=\"\" class=\"wp-image-3415 lazyload\" srcset=\"https:\/\/levadura.com\/wp-content\/uploads\/2021\/10\/Captura-de-Pantalla-2022-07-26-a-las-12.27.31.png 592w, https:\/\/levadura.com\/wp-content\/uploads\/2021\/10\/Captura-de-Pantalla-2022-07-26-a-las-12.27.31-300x130.png 300w\" sizes=\"(max-width: 592px) 100vw, 592px\" \/><\/noscript><\/figure>\n<\/div>\n\n\n<h2 class=\"wp-block-heading\" style=\"font-size:26px;font-style:normal;font-weight:500\">Respondiendo a la pregunta \u00bfQu\u00e9 hacer cuando se caen Facebook, Instagram o WhatsApp?<\/h2>\n\n\n\n<p>La recomendaci\u00f3n es desempolvar tu cuenta de Twitter cuando antes, disfrutar de los comentarios que est\u00e1n public\u00e1ndose ante esta contingencia de las plataformas de <a href=\"https:\/\/levadura.com\/facebook-te-ensena-sobre-marketing\/\">Facebook<\/a> y hablar de tu marca en Twitter, adem\u00e1s de Tiktok y LinkedIn.<\/p>\n","protected":false},"excerpt":{"rendered":"<p>Desde hace unas horas se report\u00f3 una falla generalizada en todas las plataformas de Facebook, que incluyen las redes Instagram y WhatsApp. Aunque la empresa a\u00fan no aclara el motivo de dichas ca\u00eddas, hay una reacci\u00f3n generalizada de los usuarios a trav\u00e9s de Twitter. Twitter fue creada a\u00f1os antes que Facebook, sin embargo, es una [&hellip;]<\/p>\n","protected":false},"author":2,"featured_media":3415,"comment_status":"open","ping_status":"open","sticky":false,"template":"","format":"standard","meta":{"_acf_changed":false,"_eb_attr":"","footnotes":""},"categories":[221,274,51,50],"tags":[12,53,296,38],"class_list":["post-2890","post","type-post","status-publish","format-standard","has-post-thumbnail","hentry","category-agencia-de-publicidad","category-estrategia-digital","category-levadura","category-social-media","tag-facebook","tag-linkedin","tag-tiktok","tag-twitter"],"acf":[],"yoast_head":"<!-- This site is optimized with the Yoast SEO plugin v23.3 - https:\/\/yoast.com\/wordpress\/plugins\/seo\/ -->\n<title>\u00bfQu\u00e9 hacer cuando se caen Facebook, Instagram o WhatsApp? - Levadura Agencia<\/title>\n<meta name=\"description\" content=\"Desde hace unas horas se report\u00f3 una falla generalizada en todas las plataformas de Facebook, que incluyen las redes Instagram y WhatsApp.\" \/>\n<meta name=\"robots\" content=\"index, follow, max-snippet:-1, max-image-preview:large, max-video-preview:-1\" \/>\n<link rel=\"canonical\" href=\"https:\/\/levadura.com\/que-hacer-cuando-se-caen-facebook-instagram-o-whatsapp\/\" \/>\n<meta property=\"og:locale\" content=\"en_US\" \/>\n<meta property=\"og:type\" content=\"article\" \/>\n<meta property=\"og:title\" content=\"\u00bfQu\u00e9 hacer cuando se caen Facebook, Instagram o WhatsApp? - Levadura Agencia\" \/>\n<meta property=\"og:description\" content=\"Desde hace unas horas se report\u00f3 una falla generalizada en todas las plataformas de Facebook, que incluyen las redes Instagram y WhatsApp.\" \/>\n<meta property=\"og:url\" content=\"https:\/\/levadura.com\/que-hacer-cuando-se-caen-facebook-instagram-o-whatsapp\/\" \/>\n<meta property=\"og:site_name\" content=\"Levadura Agencia\" \/>\n<meta property=\"article:publisher\" content=\"https:\/\/www.facebook.com\/levaduraagencia\" \/>\n<meta property=\"article:published_time\" content=\"2021-10-04T17:41:10+00:00\" \/>\n<meta property=\"article:modified_time\" content=\"2024-09-17T22:54:56+00:00\" \/>\n<meta property=\"og:image\" content=\"https:\/\/levadura.com\/wp-content\/uploads\/2021\/10\/Captura-de-Pantalla-2022-07-26-a-las-12.27.31.png\" \/>\n\t<meta property=\"og:image:width\" content=\"592\" \/>\n\t<meta property=\"og:image:height\" content=\"256\" \/>\n\t<meta property=\"og:image:type\" content=\"image\/png\" \/>\n<meta name=\"author\" content=\"Ana Yeast\" \/>\n<meta name=\"twitter:card\" content=\"summary_large_image\" \/>\n<meta name=\"twitter:creator\" content=\"@levaduraagencia\" \/>\n<meta name=\"twitter:site\" content=\"@levaduraagencia\" \/>\n<meta name=\"twitter:label1\" content=\"Written by\" \/>\n\t<meta name=\"twitter:data1\" content=\"Ana Yeast\" \/>\n\t<meta name=\"twitter:label2\" content=\"Est. reading time\" \/>\n\t<meta name=\"twitter:data2\" content=\"2 minutes\" \/>\n<script type=\"application\/ld+json\" class=\"yoast-schema-graph\">{\"@context\":\"https:\/\/schema.org\",\"@graph\":[{\"@type\":\"WebPage\",\"@id\":\"https:\/\/levadura.com\/que-hacer-cuando-se-caen-facebook-instagram-o-whatsapp\/\",\"url\":\"https:\/\/levadura.com\/que-hacer-cuando-se-caen-facebook-instagram-o-whatsapp\/\",\"name\":\"\u00bfQu\u00e9 hacer cuando se caen Facebook, Instagram o WhatsApp? - Levadura Agencia\",\"isPartOf\":{\"@id\":\"https:\/\/levadura.com\/#website\"},\"primaryImageOfPage\":{\"@id\":\"https:\/\/levadura.com\/que-hacer-cuando-se-caen-facebook-instagram-o-whatsapp\/#primaryimage\"},\"image\":{\"@id\":\"https:\/\/levadura.com\/que-hacer-cuando-se-caen-facebook-instagram-o-whatsapp\/#primaryimage\"},\"thumbnailUrl\":\"https:\/\/levadura.com\/wp-content\/uploads\/2021\/10\/Captura-de-Pantalla-2022-07-26-a-las-12.27.31.png\",\"datePublished\":\"2021-10-04T17:41:10+00:00\",\"dateModified\":\"2024-09-17T22:54:56+00:00\",\"author\":{\"@id\":\"https:\/\/levadura.com\/#\/schema\/person\/789f6a1393e229ac060d4a7baf17b1f5\"},\"description\":\"Desde hace unas horas se report\u00f3 una falla generalizada en todas las plataformas de Facebook, que incluyen las redes Instagram y WhatsApp.\",\"inLanguage\":\"en-US\",\"potentialAction\":[{\"@type\":\"ReadAction\",\"target\":[\"https:\/\/levadura.com\/que-hacer-cuando-se-caen-facebook-instagram-o-whatsapp\/\"]}]},{\"@type\":\"ImageObject\",\"inLanguage\":\"en-US\",\"@id\":\"https:\/\/levadura.com\/que-hacer-cuando-se-caen-facebook-instagram-o-whatsapp\/#primaryimage\",\"url\":\"https:\/\/levadura.com\/wp-content\/uploads\/2021\/10\/Captura-de-Pantalla-2022-07-26-a-las-12.27.31.png\",\"contentUrl\":\"https:\/\/levadura.com\/wp-content\/uploads\/2021\/10\/Captura-de-Pantalla-2022-07-26-a-las-12.27.31.png\",\"width\":592,\"height\":256},{\"@type\":\"WebSite\",\"@id\":\"https:\/\/levadura.com\/#website\",\"url\":\"https:\/\/levadura.com\/\",\"name\":\"Levadura Agencia\",\"description\":\"\",\"potentialAction\":[{\"@type\":\"SearchAction\",\"target\":{\"@type\":\"EntryPoint\",\"urlTemplate\":\"https:\/\/levadura.com\/?s={search_term_string}\"},\"query-input\":\"required name=search_term_string\"}],\"inLanguage\":\"en-US\"},{\"@type\":\"Person\",\"@id\":\"https:\/\/levadura.com\/#\/schema\/person\/789f6a1393e229ac060d4a7baf17b1f5\",\"name\":\"Ana Yeast\",\"image\":{\"@type\":\"ImageObject\",\"inLanguage\":\"en-US\",\"@id\":\"https:\/\/levadura.com\/#\/schema\/person\/image\/\",\"url\":\"https:\/\/secure.gravatar.com\/avatar\/bc4e00837c98f7444c62348579ff53b933ebcc9785c50184a8f737a5e612823d?s=96&d=mm&r=g\",\"contentUrl\":\"https:\/\/secure.gravatar.com\/avatar\/bc4e00837c98f7444c62348579ff53b933ebcc9785c50184a8f737a5e612823d?s=96&d=mm&r=g\",\"caption\":\"Ana Yeast\"},\"url\":\"https:\/\/levadura.com\/en\/author\/algolevadura-mx\/\"}]}<\/script>\n<!-- \/ Yoast SEO plugin. -->","yoast_head_json":{"title":"\u00bfQu\u00e9 hacer cuando se caen Facebook, Instagram o WhatsApp? - Levadura Agencia","description":"Desde hace unas horas se report\u00f3 una falla generalizada en todas las plataformas de Facebook, que incluyen las redes Instagram y WhatsApp.","robots":{"index":"index","follow":"follow","max-snippet":"max-snippet:-1","max-image-preview":"max-image-preview:large","max-video-preview":"max-video-preview:-1"},"canonical":"https:\/\/levadura.com\/que-hacer-cuando-se-caen-facebook-instagram-o-whatsapp\/","og_locale":"en_US","og_type":"article","og_title":"\u00bfQu\u00e9 hacer cuando se caen Facebook, Instagram o WhatsApp? - Levadura Agencia","og_description":"Desde hace unas horas se report\u00f3 una falla generalizada en todas las plataformas de Facebook, que incluyen las redes Instagram y WhatsApp.","og_url":"https:\/\/levadura.com\/que-hacer-cuando-se-caen-facebook-instagram-o-whatsapp\/","og_site_name":"Levadura Agencia","article_publisher":"https:\/\/www.facebook.com\/levaduraagencia","article_published_time":"2021-10-04T17:41:10+00:00","article_modified_time":"2024-09-17T22:54:56+00:00","og_image":[{"width":592,"height":256,"url":"https:\/\/levadura.com\/wp-content\/uploads\/2021\/10\/Captura-de-Pantalla-2022-07-26-a-las-12.27.31.png","type":"image\/png"}],"author":"Ana Yeast","twitter_card":"summary_large_image","twitter_creator":"@levaduraagencia","twitter_site":"@levaduraagencia","twitter_misc":{"Written by":"Ana Yeast","Est. reading time":"2 minutes"},"schema":{"@context":"https:\/\/schema.org","@graph":[{"@type":"WebPage","@id":"https:\/\/levadura.com\/que-hacer-cuando-se-caen-facebook-instagram-o-whatsapp\/","url":"https:\/\/levadura.com\/que-hacer-cuando-se-caen-facebook-instagram-o-whatsapp\/","name":"\u00bfQu\u00e9 hacer cuando se caen Facebook, Instagram o WhatsApp? - Levadura Agencia","isPartOf":{"@id":"https:\/\/levadura.com\/#website"},"primaryImageOfPage":{"@id":"https:\/\/levadura.com\/que-hacer-cuando-se-caen-facebook-instagram-o-whatsapp\/#primaryimage"},"image":{"@id":"https:\/\/levadura.com\/que-hacer-cuando-se-caen-facebook-instagram-o-whatsapp\/#primaryimage"},"thumbnailUrl":"https:\/\/levadura.com\/wp-content\/uploads\/2021\/10\/Captura-de-Pantalla-2022-07-26-a-las-12.27.31.png","datePublished":"2021-10-04T17:41:10+00:00","dateModified":"2024-09-17T22:54:56+00:00","author":{"@id":"https:\/\/levadura.com\/#\/schema\/person\/789f6a1393e229ac060d4a7baf17b1f5"},"description":"Desde hace unas horas se report\u00f3 una falla generalizada en todas las plataformas de Facebook, que incluyen las redes Instagram y WhatsApp.","inLanguage":"en-US","potentialAction":[{"@type":"ReadAction","target":["https:\/\/levadura.com\/que-hacer-cuando-se-caen-facebook-instagram-o-whatsapp\/"]}]},{"@type":"ImageObject","inLanguage":"en-US","@id":"https:\/\/levadura.com\/que-hacer-cuando-se-caen-facebook-instagram-o-whatsapp\/#primaryimage","url":"https:\/\/levadura.com\/wp-content\/uploads\/2021\/10\/Captura-de-Pantalla-2022-07-26-a-las-12.27.31.png","contentUrl":"https:\/\/levadura.com\/wp-content\/uploads\/2021\/10\/Captura-de-Pantalla-2022-07-26-a-las-12.27.31.png","width":592,"height":256},{"@type":"WebSite","@id":"https:\/\/levadura.com\/#website","url":"https:\/\/levadura.com\/","name":"Levadura Agencia","description":"","potentialAction":[{"@type":"SearchAction","target":{"@type":"EntryPoint","urlTemplate":"https:\/\/levadura.com\/?s={search_term_string}"},"query-input":"required name=search_term_string"}],"inLanguage":"en-US"},{"@type":"Person","@id":"https:\/\/levadura.com\/#\/schema\/person\/789f6a1393e229ac060d4a7baf17b1f5","name":"Ana Yeast","image":{"@type":"ImageObject","inLanguage":"en-US","@id":"https:\/\/levadura.com\/#\/schema\/person\/image\/","url":"https:\/\/secure.gravatar.com\/avatar\/bc4e00837c98f7444c62348579ff53b933ebcc9785c50184a8f737a5e612823d?s=96&d=mm&r=g","contentUrl":"https:\/\/secure.gravatar.com\/avatar\/bc4e00837c98f7444c62348579ff53b933ebcc9785c50184a8f737a5e612823d?s=96&d=mm&r=g","caption":"Ana Yeast"},"url":"https:\/\/levadura.com\/en\/author\/algolevadura-mx\/"}]}},"_links":{"self":[{"href":"https:\/\/levadura.com\/en\/wp-json\/wp\/v2\/posts\/2890","targetHints":{"allow":["GET"]}}],"collection":[{"href":"https:\/\/levadura.com\/en\/wp-json\/wp\/v2\/posts"}],"about":[{"href":"https:\/\/levadura.com\/en\/wp-json\/wp\/v2\/types\/post"}],"author":[{"embeddable":true,"href":"https:\/\/levadura.com\/en\/wp-json\/wp\/v2\/users\/2"}],"replies":[{"embeddable":true,"href":"https:\/\/levadura.com\/en\/wp-json\/wp\/v2\/comments?post=2890"}],"version-history":[{"count":3,"href":"https:\/\/levadura.com\/en\/wp-json\/wp\/v2\/posts\/2890\/revisions"}],"predecessor-version":[{"id":6908,"href":"https:\/\/levadura.com\/en\/wp-json\/wp\/v2\/posts\/2890\/revisions\/6908"}],"wp:featuredmedia":[{"embeddable":true,"href":"https:\/\/levadura.com\/en\/wp-json\/wp\/v2\/media\/3415"}],"wp:attachment":[{"href":"https:\/\/levadura.com\/en\/wp-json\/wp\/v2\/media?parent=2890"}],"wp:term":[{"taxonomy":"category","embeddable":true,"href":"https:\/\/levadura.com\/en\/wp-json\/wp\/v2\/categories?post=2890"},{"taxonomy":"post_tag","embeddable":true,"href":"https:\/\/levadura.com\/en\/wp-json\/wp\/v2\/tags?post=2890"}],"curies":[{"name":"wp","href":"https:\/\/api.w.org\/{rel}","templated":true}]}}